{"id":1030,"date":"2022-01-13T11:35:00","date_gmt":"2022-01-13T11:35:00","guid":{"rendered":"https:\/\/gongdob.grabensia.hu\/?p=1030"},"modified":"2022-01-17T15:48:54","modified_gmt":"2022-01-17T15:48:54","slug":"fulep-bogdan","status":"publish","type":"post","link":"https:\/\/gongdob.grabensia.hu\/en\/fulep-bogdan\/","title":{"rendered":"F\u00fclep Bogd\u00e1n"},"content":{"rendered":"<div id=\"modal-ready\"><p>[et_pb_section fb_built=&#8221;1&#8243; _builder_version=&#8221;4.14.6&#8243; _module_preset=&#8221;default&#8221; background_color=&#8221;RGBA(255,255,255,0)&#8221; custom_padding=&#8221;0px|0px||0px|false|false&#8221; global_colors_info=&#8221;{}&#8221; theme_builder_area=&#8221;post_content&#8221;][et_pb_row disabled_on=&#8221;off|off|on&#8221; _builder_version=&#8221;4.14.6&#8243; _module_preset=&#8221;default&#8221; custom_margin=&#8221;0px||0px||false|false&#8221; custom_padding=&#8221;0px||0px||false|false&#8221; global_colors_info=&#8221;{}&#8221; theme_builder_area=&#8221;post_content&#8221;][et_pb_column type=&#8221;4_4&#8243; _builder_version=&#8221;4.14.6&#8243; _module_preset=&#8221;default&#8221; global_colors_info=&#8221;{}&#8221; theme_builder_area=&#8221;post_content&#8221;][et_pb_post_title meta=&#8221;off&#8221; featured_image=&#8221;off&#8221; _builder_version=&#8221;4.14.6&#8243; _module_preset=&#8221;default&#8221; global_colors_info=&#8221;{}&#8221; theme_builder_area=&#8221;post_content&#8221;][\/et_pb_post_title][\/et_pb_column][\/et_pb_row][et_pb_row column_structure=&#8221;1_2,1_2&#8243; custom_padding_last_edited=&#8221;on|phone&#8221; _builder_version=&#8221;4.14.6&#8243; _module_preset=&#8221;default&#8221; custom_padding=&#8221;45px|||||&#8221; custom_padding_tablet=&#8221;&#8221; custom_padding_phone=&#8221;10px||||false|false&#8221; custom_css_main_element=&#8221;display: flex;||flex-wrap: wrap;&#8221; global_colors_info=&#8221;{}&#8221; theme_builder_area=&#8221;post_content&#8221;][et_pb_column type=&#8221;1_2&#8243; admin_label=&#8221;Column&#8221; _builder_version=&#8221;4.14.6&#8243; _module_preset=&#8221;default&#8221; global_colors_info=&#8221;{}&#8221; custom_css_main_element_last_edited=&#8221;on|tablet&#8221; custom_css_main_element_phone=&#8221;order:2;&#8221; custom_css_main_element_tablet=&#8221;order:2&#8243; theme_builder_area=&#8221;post_content&#8221;][et_pb_post_title meta=&#8221;off&#8221; featured_image=&#8221;off&#8221; disabled_on=&#8221;on|on|off&#8221; _builder_version=&#8221;4.14.6&#8243; _module_preset=&#8221;default&#8221; custom_margin=&#8221;||0px||false|false&#8221; custom_padding=&#8221;||||false|false&#8221; global_colors_info=&#8221;{}&#8221; custom_css_main_element_last_edited=&#8221;off|desktop&#8221; theme_builder_area=&#8221;post_content&#8221;][\/et_pb_post_title][et_pb_text _builder_version=&#8221;4.14.6&#8243; _module_preset=&#8221;default&#8221; text_text_color=&#8221;#2c3035&#8243; link_text_color=&#8221;#2c3035&#8243; ul_text_color=&#8221;#2c3035&#8243; custom_margin=&#8221;25px||||false|false&#8221; global_colors_info=&#8221;{}&#8221; theme_builder_area=&#8221;post_content&#8221;]<\/p>\n<h3>V\u00e1llalt hangf\u00fcrd\u0151k, kezel\u00e9sek:<!-- \/divi:heading --> <!-- divi:paragraph --><\/h3>\n<p>&#8211; Csoportos hangf\u00fcrd\u0151k (3 \u00f3r\u00e1s)<br \/>&#8211; Kiscsoportos hangf\u00fcrd\u0151k, relax\u00e1ci\u00f3s technik\u00e1kkal<!-- divi:heading {\"level\":3} --><\/p>\n<h3>El\u00e9rhet\u0151s\u00e9g, id\u0151pontfoglal\u00e1s:<!-- \/divi:heading --> <!-- divi:paragraph --><\/h3>\n<p><a href=\"tel:+36203229238\">+36 20 322 9238<\/a><\/p>\n<p><a href=\"https:\/\/www.facebook.com\/bogdan.fulep\">F\u00fclep Bogd\u00e1n<\/a><\/p>\n<p>[\/et_pb_text][et_pb_button button_url=&#8221;https:\/\/samsara-hangfurdok.reservio.com\/&#8221; button_text=&#8221;NAPT\u00c1R \u00c9S HANGF\u00dcRD\u0150RE JELENTKEZ\u00c9S&#8221; button_alignment=&#8221;center&#8221; _builder_version=&#8221;4.14.6&#8243; _module_preset=&#8221;default&#8221; custom_button=&#8221;on&#8221; button_text_color=&#8221;#FFFFFF&#8221; button_bg_color=&#8221;#2c3035&#8243; button_border_width=&#8221;0px&#8221; button_border_radius=&#8221;0px&#8221; button_font=&#8221;|600|||||||&#8221; global_colors_info=&#8221;{}&#8221; theme_builder_area=&#8221;post_content&#8221;][\/et_pb_button][\/et_pb_column][et_pb_column type=&#8221;1_2&#8243; _builder_version=&#8221;4.14.6&#8243; _module_preset=&#8221;default&#8221; global_colors_info=&#8221;{}&#8221; custom_css_main_element_last_edited=&#8221;off|desktop&#8221; theme_builder_area=&#8221;post_content&#8221;][et_pb_post_title title=&#8221;off&#8221; meta=&#8221;off&#8221; _builder_version=&#8221;4.14.6&#8243; _module_preset=&#8221;default&#8221; transform_rotate=&#8221;0deg|0deg|2deg&#8221; box_shadow_style=&#8221;preset2&#8243; global_colors_info=&#8221;{}&#8221; custom_css_main_element_last_edited=&#8221;off|desktop&#8221; custom_css_main_element_phone=&#8221;order: 2;&#8221; theme_builder_area=&#8221;post_content&#8221;][\/et_pb_post_title][\/et_pb_column][\/et_pb_row][et_pb_row _builder_version=&#8221;4.14.6&#8243; _module_preset=&#8221;default&#8221; global_colors_info=&#8221;{}&#8221; theme_builder_area=&#8221;post_content&#8221;][et_pb_column type=&#8221;4_4&#8243; _builder_version=&#8221;4.14.6&#8243; _module_preset=&#8221;default&#8221; global_colors_info=&#8221;{}&#8221; theme_builder_area=&#8221;post_content&#8221;][et_pb_text _builder_version=&#8221;4.14.6&#8243; _module_preset=&#8221;default&#8221; text_font=&#8221;|600|||||||&#8221; global_colors_info=&#8221;{}&#8221; theme_builder_area=&#8221;post_content&#8221;]<\/p>\n<h4>R\u00d3LAM:<\/h4>\n<p>1997- ben, 17 e\u0301vesen ve\u0301geztem el az elso\u030b agykontroll tanfolyamot, amit 7 e\u0301ven keresztu\u0308l kitarto\u0301an gyakoroltam. Sajnos azonban nem hozta meg azt a sikert, amire az elme\u0301m va\u0301gyott. A csalo\u0301dottsa\u0301g e\u0301s kimeru\u0308lt akara\u0301s uta\u0301n motiva\u0301latlan 2 e\u0301v ko\u0308vetkezett. Ezek uta\u0301n u\u0301gy gondoltam, teszek egy pro\u0301ba\u0301t az akkori ele\u0301gedetlen e\u0301letem megva\u0301ltoztata\u0301sa\u0301ra. Elve\u0301geztem teha\u0301t egy ma\u0301sik technika\u0301t amit u\u0301gy hi\u0301vnak transzcendenta\u0301lis medita\u0301cio\u0301. A sikertelense\u0301g szinte itt is bori\u0301te\u0301kolhato\u0301 volt, mivel az elme\u0301m korla\u0301tain nem le\u0301ptem tu\u0301l. Ezt ko\u0308veto\u030ben me\u0301g u\u0301jabb e\u0301s u\u0301jabb tartalmakat adtam magamhoz, de valo\u0301ja\u0301ban egyik sem jelentette sza\u0301momra azt, amit kerestem. Ekkor ma\u0301r 33 e\u0301vesen gyakorlatilag azt sem tudtam mit keresek valo\u0301ja\u0301ban. A kisla\u0301nyom szu\u0308lete\u0301se elo\u030btt egy folyami hajo\u0301n dolgoztam, hogy a legro\u0308videbb ido\u030bn belu\u0308l a legto\u0308bb pe\u0301nzt tudjam o\u0308sszeszedni. Az ilyen hajo\u0301kon nem sok a szabadido\u030b, i\u0301gy pa\u0301r nap alatt kimeru\u0308l az ember e\u0301s a fizikai fa\u0301radtsa\u0301g, valamint a honva\u0301gy, a negati\u0301v gondolatok maguk ala\u0301 gyu\u030brik. Egyik mega\u0301llo\u0301 sora\u0301n Frankfurt va\u0301rosa\u0301ban, a Majna folyo\u0301 partja\u0301n se\u0301ta\u0301lva egy Tibeti szerzetesbe botlottam, aki a parkban a fu\u030bben u\u0308lt e\u0301s egy fe\u0301m ede\u0301nyt tartott a keze\u0301be e\u0301s ezt u\u0308to\u0308gette. A hangja azonnal maga\u0301ra vonta a figyelmemet e\u0301s egy ma\u0301sodperc alatt elvara\u0301zsolt! E\u0301szrevette, hogy figyelem, ekkor hozza\u0301m le\u0301pett e\u0301s testem elo\u030btt le e\u0301s fo\u0308l mozgatta a csoda\u0301latos hangu\u0301 e\u0301s rezge\u0301su\u030b ede\u0301nyt. Fantasztikus e\u0301lme\u0301nyt jelentett sza\u0301momra ez a megtapasztala\u0301s! Ezek uta\u0301n ma\u0301r csak azt vettem e\u0301szre, hogy a kora\u0301bbi fa\u0301radtsa\u0301gnak e\u0301s keseru\u030bse\u0301gnek nyoma sem volt. Do\u0308bbenet milyen nagy volt a kontraszt a ke\u0301t a\u0301llapot ko\u0308zo\u0308tt! Hazae\u0301rve megvettem az elso\u030b hangta\u0301lat e\u0301s spiritua\u0301lis tani\u0301to\u0301k ko\u0308nyveit hogy valamife\u0301le magyara\u0301zatot tala\u0301ljak a velem to\u0308rte\u0301nt e\u0301lme\u0301nnyel kapcsolatban. Korunk egyik legnagyobb tani\u0301to\u0301ja Eckhart Tolle a Most hatalma ci\u0301mu\u030b ko\u0308nyve\u0301ben magyara\u0301zatra tala\u0301ltam. Ami fontosabb hogy egyfajta folyamatba keru\u0308ltem, ami egyre me\u0301lyebb e\u0301s me\u0301lyebb mege\u0301rte\u0301seket hoz sza\u0301momra, amit tudok is alkalmazni az e\u0301letemben. Eddigi e\u0301letem sora\u0301n a boldogsa\u0301got, a be\u0301ke\u0301t e\u0301s nyugalmat ku\u0308lso\u030b dolgokban kerestem. Valo\u0301ja\u0301ban most ma\u0301r tudom, hogy ezeket csak belu\u0308l tala\u0301lhatjuk meg! A Jelen Pillanatot e\u0301s az ehhez kapcsolo\u0301do\u0301 magyara\u0301zatokat e\u0301letem ko\u0308ze\u0301ppontja\u0301ba a\u0301lli\u0301tottam e\u0301s ezeket szeretne\u0301m megosztani ma\u0301sokkal. Ebben segi\u0301tenek a hangta\u0301lak e\u0301s ku\u0308lo\u0308nbo\u0308zo\u030b spiritua\u0301lis hangszerek! A hangok hata\u0301sa\u0301ra re\u0301s keletkezik az elme folyamatosan csapongo\u0301 gondolataiban. Ce\u0301lom hogy ebben az u\u0308res a\u0301llapotban megtala\u0301ld a belso\u030b nyugalmad!<\/p>\n<p>Szeretettel va\u0301rlak benneteket egy utaza\u0301sra a legme\u0301lyebb e\u0301netekhez, a belso\u030b forra\u0301s birodalma\u0301ba!<\/p>\n<p>Tova\u0301bbi minden jo\u0301t ki\u0301va\u0301nok kedves olvaso\u0301!<\/p>\n<p>[\/et_pb_text][\/et_pb_column][\/et_pb_row][\/et_pb_section]<\/p>\n<\/div>","protected":false},"excerpt":{"rendered":"<p><a href=\"tel:+36203229238\">+36 20 322 9238<\/a><\/p>","protected":false},"author":7,"featured_media":712,"comment_status":"closed","ping_status":"closed","sticky":false,"template":"","format":"standard","meta":{"_et_pb_use_builder":"on","_et_pb_old_content":"<!-- wp:heading {\"level\":3} -->\n<h3>V\u00e1llalt hangf\u00fcrd\u0151k, kezel\u00e9sek:<\/h3>\n<!-- \/wp:heading -->\n\n<!-- wp:paragraph -->\n<p>- Csoportos hangf\u00fcrd\u0151k (1,5-2 \u00f3r\u00e1s)<br>- Kiscsoportos hangf\u00fcrd\u0151k<br>- Egy\u00e9ni \u00e9s p\u00e1ros hangf\u00fcrd\u0151k<br>- Hangf\u00fcrd\u0151k angolul,&nbsp;olaszul<\/p>\n<!-- \/wp:paragraph -->\n\n<!-- wp:heading {\"level\":3} -->\n<h3>El\u00e9rhet\u0151s\u00e9g, id\u0151pontfoglal\u00e1s:<\/h3>\n<!-- \/wp:heading -->\n\n<!-- wp:paragraph -->\n<p><a href=\"tel:+36203850480\">+36 20 385 0480<\/a><\/p>\n<!-- \/wp:paragraph -->\n\n<!-- wp:paragraph -->\n<p><a href=\"mailto:kalmaneva1@gmail.com\">kalmaneva1@gmail.com<\/a><\/p>\n<!-- \/wp:paragraph -->\n\n<!-- wp:paragraph -->\n<p><a rel=\"noreferrer noopener\" href=\"https:\/\/www.kalmaneva.hu\/\" target=\"_blank\">www.kalmaneva.hu<\/a><\/p>\n<!-- \/wp:paragraph -->\n\n<!-- wp:paragraph -->\n<p>Hossz\u00fa ideig pedag\u00f3gusk\u00e9nt dolgoztam, mindig is emberekkel, oktat\u00e1ssal foglalkoztam. Most m\u00e1r m\u00e1s ter\u00fcleteken, de ugyan\u00fagy az emberek szolg\u00e1lat\u00e1ra szeretn\u00e9k lenni.&nbsp;<\/p>\n<!-- \/wp:paragraph -->\n\n<!-- wp:paragraph -->\n<p>A tudatoss\u00e1g lett sz\u00e1momra az, ami t\u00f6bb v\u00e1laszt\u00e1st, t\u00f6bb lehet\u0151s\u00e9get \u00e9s t\u00f6bb \u00e9letet teremt.&nbsp;<\/p>\n<!-- \/wp:paragraph -->\n\n<!-- wp:paragraph -->\n<p>A saj\u00e1t \u00e9letemben is hatalmas v\u00e1ltoz\u00e1sokat \u00e9ltem meg az \u00e1ltalam haszn\u00e1lt m\u00f3dszerek \u00e1ltal, ez\u00e9rt v\u00e1lasztottam azt, hogy tov\u00e1bbadom m\u00e1soknak.&nbsp;<\/p>\n<!-- \/wp:paragraph -->\n\n<!-- wp:paragraph -->\n<p>Ma m\u00e1r k\u00f6ztudott, hogy rezg\u00e9sek \u00e9s energi\u00e1k vagyunk, \u00edgy az \u00e9letm\u00f3dunkb\u00f3l ad\u00f3d\u00f3 kibillen\u00e9seket is rezg\u00e9sek \u00e9s energi\u00e1k szintj\u00e9n tudjuk harmoniz\u00e1lni.&nbsp;<\/p>\n<!-- \/wp:paragraph -->\n\n<!-- wp:paragraph -->\n<p>A befogad\u00e1s, a megenged\u00e9s, a k\u00f6nnyeds\u00e9g - ennek a vil\u00e1gnak a val\u00f3s\u00e1ga szerint paradox m\u00f3don- tereket, lehet\u0151s\u00e9get nyit meg ott, amit eddig a csin\u00e1l\u00e1ssal, akar\u00e1ssal \u00e9s a kontrollal meg\u00e1ll\u00edtottunk, bez\u00e1rtunk. Ez\u00e9rt m\u0171k\u00f6dnek olyan j\u00f3l azok a m\u00f3dszerek, ahol csak befogadunk \u00e9s ez\u00e1ltal elenged\u00fcnk, vagy a medit\u00e1ci\u00f3s technik\u00e1k, amelyek a tudatalattit sz\u00f3l\u00edtj\u00e1k meg.&nbsp;<\/p>\n<!-- \/wp:paragraph -->\n\n<!-- wp:paragraph -->\n<p>Hangf\u00fcrd\u0151ket, egy\u00e9ni hangt\u00e1l kezel\u00e9seket tartok, n\u0151i j\u00f3ga oktat\u00f3 vagyok, 5 Kontinens massz\u0151r, valamint access bars \u00e9s facelift facilit\u00e1tor, access testkezel\u0151. Haszn\u00e1lom a Points of You coaching m\u00f3dszert, medit\u00e1ci\u00f3kat \u00e9s m\u00e1s \u00f6nismereti folyamatokat.&nbsp;<\/p>\n<!-- \/wp:paragraph -->\n\n<!-- wp:paragraph -->\n<p>A hangt\u00e1laz\u00e1s a rezg\u00e9ster\u00e1pi\u00e1k csoportj\u00e1ba tartozik. A hangt\u00e1lak \u00e1rnyaltan sz\u00f3l\u00edtanak meg minket \u00e9s r\u00e9tegzetten sz\u00f3l\u00edtj\u00e1k meg az energetikai rendszereinket, testeinket (durva \u00e9s finom fizikai testeket), ment\u00e1lis, \u00e9rzelmi \u00e9s fizikai szinten hatnak. Fizikai szinten serkentik az anyagcser\u00e9t, fokozz\u00e1k a sejtek k\u00f6z\u00f6tti \u00e1raml\u00e1st, hatnak a v\u00e9rnyom\u00e1sra, sejtregener\u00e1l\u00f3d\u00e1sra. Gyors\u00edtj\u00e1k a sebgy\u00f3gyul\u00e1st. \u00c1ltal\u00e1nos laz\u00edt\u00f3, stresszold\u00f3 hat\u00e1s\u00faak. Fizikai f\u00e1jdalmak felold\u00e1s\u00e1ra is alkalmazhat\u00f3. Energetikai szinten az energia rendszer\u00fcnket harmoniz\u00e1lja, hi\u00e1nyt p\u00f3tol, t\u00f6bbletet cs\u00f6kkent, \u00fajraind\u00edt \u00e1raml\u00e1sokat, ott, ahol addig elakadt. Harmoniz\u00e1lja a jobb \u00e9s bal agyf\u00e9ltek\u00e9t, oldja a szorong\u00e1sokat, visszajuttat az \u0151sbizalomhoz. Seg\u00edt hozz\u00e1f\u00e9rni a tudatalattihoz, a bels\u0151 b\u00f6lcsess\u00e9ghez. Az \u00e9rzelmekre is hatnak, c\u00e9lzottan, vagy ak\u00e1r mell\u00e9khat\u00e1sk\u00e9nt. Ilyenkor elfojtott, meg nem \u00e9lt \u00e9rzelmek j\u00f6hetnek a felsz\u00ednre, amelyek fontosak a gy\u00f3gyul\u00e1s szempontj\u00e1b\u00f3l. A kezel\u00e9sben nem csak tiszt\u00edt\u00e1s \u00e9s old\u00e1s t\u00f6rt\u00e9nik, hanem az eddig kiz\u00e1rt energi\u00e1k beenged\u00e9se is.<\/p>\n<!-- \/wp:paragraph -->\n\n<!-- wp:paragraph -->\n<p>A hangf\u00fcrd\u0151k sor\u00e1n hangt\u00e1lakat, gongot, cseng\u0151ket, es\u0151botot, \u00f3ce\u00e1n dobot, kalimb\u00e1t haszn\u00e1lok.<\/p>\n<!-- \/wp:paragraph -->","_et_gb_content_width":"","inline_featured_image":false,"footnotes":""},"categories":[28],"tags":[],"class_list":["post-1030","post","type-post","status-publish","format-standard","has-post-thumbnail","hentry","category-hangtalkezeloink"],"_links":{"self":[{"href":"https:\/\/gongdob.grabensia.hu\/en\/wp-json\/wp\/v2\/posts\/1030","targetHints":{"allow":["GET"]}}],"collection":[{"href":"https:\/\/gongdob.grabensia.hu\/en\/wp-json\/wp\/v2\/posts"}],"about":[{"href":"https:\/\/gongdob.grabensia.hu\/en\/wp-json\/wp\/v2\/types\/post"}],"author":[{"embeddable":true,"href":"https:\/\/gongdob.grabensia.hu\/en\/wp-json\/wp\/v2\/users\/7"}],"replies":[{"embeddable":true,"href":"https:\/\/gongdob.grabensia.hu\/en\/wp-json\/wp\/v2\/comments?post=1030"}],"version-history":[{"count":2,"href":"https:\/\/gongdob.grabensia.hu\/en\/wp-json\/wp\/v2\/posts\/1030\/revisions"}],"predecessor-version":[{"id":1033,"href":"https:\/\/gongdob.grabensia.hu\/en\/wp-json\/wp\/v2\/posts\/1030\/revisions\/1033"}],"wp:featuredmedia":[{"embeddable":true,"href":"https:\/\/gongdob.grabensia.hu\/en\/wp-json\/wp\/v2\/media\/712"}],"wp:attachment":[{"href":"https:\/\/gongdob.grabensia.hu\/en\/wp-json\/wp\/v2\/media?parent=1030"}],"wp:term":[{"taxonomy":"category","embeddable":true,"href":"https:\/\/gongdob.grabensia.hu\/en\/wp-json\/wp\/v2\/categories?post=1030"},{"taxonomy":"post_tag","embeddable":true,"href":"https:\/\/gongdob.grabensia.hu\/en\/wp-json\/wp\/v2\/tags?post=1030"}],"curies":[{"name":"wp","href":"https:\/\/api.w.org\/{rel}","templated":true}]}}